{"id":805,"date":"2018-07-06T13:32:49","date_gmt":"2018-07-06T11:32:49","guid":{"rendered":"https:\/\/pflegestuetzpunkt-nalbach.de\/?p=805"},"modified":"2020-11-27T22:23:19","modified_gmt":"2020-11-27T20:23:19","slug":"examinierte-pflegefachkraefte","status":"publish","type":"post","link":"https:\/\/pflegestuetzpunkt-nalbach.de\/?p=805","title":{"rendered":"Examinierte Pflegefachkr\u00e4fte"},"content":{"rendered":"<h4>Sie sind eine examinierte Pflegefachkraft und suchen eine Besch\u00e4ftigung in Teilzeit<br \/>\n(Std-Umfang 60-120 Std pro Monat oder auf 450 \u20ac Basis) ?<\/h4>\n<h2><strong>Dann bewerben wir uns um Sie!<\/strong><\/h2>\n<p>Wir w\u00fcnschen uns eine engagierte Pers\u00f6nlichkeit, die teamorientiert und selbst\u00e4ndig arbeitet und Interesse an der Weiterentwicklung unseres Dienstes hat. Gerne\u00a0 auch Wiedereinsteiger.<\/p>\n<p>Ein F\u00fchrerschein der Klasse B ist erforderlich.<\/p>\n<p><strong>Wir bieten:<\/strong><\/p>\n<ul>\n<li>Leistungsgerechte Verg\u00fctung mit Zulagen an Sonn- und Feiertagen (steuerfrei).<\/li>\n<li>13. Monatsgehalt<\/li>\n<li>30 Tage Urlaub<\/li>\n<li>Strukturierte und gezielte Einarbeitung<\/li>\n<li>Teilnahme an regelm\u00e4\u00dfigen Teamsitzungen<\/li>\n<li>Fort- und Weiterbildungen<\/li>\n<\/ul>\n<p>Rufen Sie uns an oder schreiben Sie uns einfach eine E-Mail- wir freuen uns auf Ihren Kontakt.<\/p>\n<h3>06838\/84938<\/h3>\n<h3>veralaux@t-online.de<\/h3>\n","protected":false},"excerpt":{"rendered":"<p>Sie sind eine examinierte Pflegefachkraft und suchen eine Besch\u00e4ftigung in Teilzeit (Std-Umfang 60-120 Std pro Monat oder auf 450 \u20ac Basis) ? Dann bewerben wir uns um Sie! Wir w\u00fcnschen uns eine engagierte Pers\u00f6nlichkeit, die teamorientiert und selbst\u00e4ndig arbeitet und Interesse an der Weiterentwicklung unseres Dienstes hat. Gerne\u00a0 auch Wiedereinsteiger. Ein F\u00fchrerschein der Klasse B ist erforderlich. Wir bieten: Leistungsgerechte Verg\u00fctung mit Zulagen an Sonn- und Feiertagen (steuerfrei). 13. Monatsgehalt 30 Tage Urlaub Strukturierte und gezielte Einarbeitung Teilnahme an regelm\u00e4\u00dfigen &#8230; <\/p>\n<p class=\"read-more-container\"><a title=\"Examinierte Pflegefachkr\u00e4fte\" class=\"read-more button\" href=\"https:\/\/pflegestuetzpunkt-nalbach.de\/?p=805#more-805\">Read More<span class=\"screen-reader-text\">Examinierte Pflegefachkr\u00e4fte<\/span><\/a><\/p>\n","protected":false},"author":3,"featured_media":0,"comment_status":"closed","ping_status":"closed","sticky":false,"template":"","format":"standard","meta":{"generate_page_header":""},"categories":[1],"tags":[],"_links":{"self":[{"href":"https:\/\/pflegestuetzpunkt-nalbach.de\/index.php?rest_route=\/wp\/v2\/posts\/805"}],"collection":[{"href":"https:\/\/pflegestuetzpunkt-nalbach.de\/index.php?rest_route=\/wp\/v2\/posts"}],"about":[{"href":"https:\/\/pflegestuetzpunkt-nalbach.de\/index.php?rest_route=\/wp\/v2\/types\/post"}],"author":[{"embeddable":true,"href":"https:\/\/pflegestuetzpunkt-nalbach.de\/index.php?rest_route=\/wp\/v2\/users\/3"}],"replies":[{"embeddable":true,"href":"https:\/\/pflegestuetzpunkt-nalbach.de\/index.php?rest_route=%2Fwp%2Fv2%2Fcomments&post=805"}],"version-history":[{"count":1,"href":"https:\/\/pflegestuetzpunkt-nalbach.de\/index.php?rest_route=\/wp\/v2\/posts\/805\/revisions"}],"predecessor-version":[{"id":806,"href":"https:\/\/pflegestuetzpunkt-nalbach.de\/index.php?rest_route=\/wp\/v2\/posts\/805\/revisions\/806"}],"wp:attachment":[{"href":"https:\/\/pflegestuetzpunkt-nalbach.de\/index.php?rest_route=%2Fwp%2Fv2%2Fmedia&parent=805"}],"wp:term":[{"taxonomy":"category","embeddable":true,"href":"https:\/\/pflegestuetzpunkt-nalbach.de\/index.php?rest_route=%2Fwp%2Fv2%2Fcategories&post=805"},{"taxonomy":"post_tag","embeddable":true,"href":"https:\/\/pflegestuetzpunkt-nalbach.de\/index.php?rest_route=%2Fwp%2Fv2%2Ftags&post=805"}],"curies":[{"name":"wp","href":"https:\/\/api.w.org\/{rel}","templated":true}]}}